{"id":4464,"date":"2024-10-21T11:40:00","date_gmt":"2024-10-21T09:40:00","guid":{"rendered":"https:\/\/www.imt.fr\/?p=4464"},"modified":"2025-01-28T15:27:56","modified_gmt":"2025-01-28T14:27:56","slug":"cecile-dubarry-continues-her-visits-to-institut-mines-telecoms-schools","status":"publish","type":"post","link":"https:\/\/www.imt.fr\/en\/cecile-dubarry-continues-her-visits-to-institut-mines-telecoms-schools\/","title":{"rendered":"C\u00e9cile Dubarry continues her visits to Institut Mines-T\u00e9l\u00e9com\u2019s schools"},"content":{"rendered":"\n<p><strong>Since September, C\u00e9cile Dubarry has been discovering, one by one, the eight graduate schools of Institut Mines-T\u00e9l\u00e9com, and the people who bring them to life. <strong>The latest was <\/strong><a href=\"https:\/\/www.linkedin.com\/company\/mines-ales\/\" target=\"_blank\" rel=\"noopener\"><strong>IMT Mines Al\u00e8s<\/strong><\/a><strong> on Friday, October 25!<\/strong><\/strong><\/p>\n\n\n\n<h2 class=\"wp-block-heading\">IMT Mines Albi<\/h2>\n\n\n\n<p>A true tour of France that came to an end this Wednesday, December 4th, with a day full of meetings and discoveries at IMT Mines Albi.<\/p>\n\n\n\n<ul class=\"wp-block-list\">\n<li>Immersion into the training and research centers of IMT Mines Albi<\/li>\n\n\n\n<li>Visit to the school&#8217;s incubator<\/li>\n\n\n\n<li>In-depth discussions about the international strategy<\/li>\n\n\n\n<li>Meetings with faculty researchers and administrative teams<\/li>\n\n\n\n<li>Focus on strategic projects, particularly those related to ecological, energy, and digital transitions<\/li>\n<\/ul>\n\n\n\n<p>A big thank you to IMT Mines Albi and its teams for the warm welcome!<\/p>\n\n\n\n<figure class=\"wp-block-gallery has-nested-images columns-default is-cropped wp-block-gallery-1 is-layout-flex wp-block-gallery-is-layout-flex\">\n<figure class=\"wp-block-image size-large\"><img loading=\"lazy\" decoding=\"async\" width=\"1024\" height=\"683\" data-id=\"3674\" src=\"https:\/\/www.imt.fr\/wp-content\/uploads\/2024\/12\/visite_ceciledubarry_MinesAlbi-1024x683.webp\" alt=\"\" class=\"wp-image-3674\" srcset=\"https:\/\/www.imt.fr\/wp-content\/uploads\/2024\/12\/visite_ceciledubarry_MinesAlbi-1024x683.webp 1024w, https:\/\/www.imt.fr\/wp-content\/uploads\/2024\/12\/visite_ceciledubarry_MinesAlbi-300x200.webp 300w, https:\/\/www.imt.fr\/wp-content\/uploads\/2024\/12\/visite_ceciledubarry_MinesAlbi-768x512.webp 768w, https:\/\/www.imt.fr\/wp-content\/uploads\/2024\/12\/visite_ceciledubarry_MinesAlbi-1536x1024.webp 1536w, https:\/\/www.imt.fr\/wp-content\/uploads\/2024\/12\/visite_ceciledubarry_MinesAlbi.webp 1600w\" sizes=\"auto, (max-width: 1024px) 100vw, 1024px\" \/><\/figure>\n\n\n\n<figure class=\"wp-block-image size-large\"><img loading=\"lazy\" decoding=\"async\" width=\"768\" height=\"1024\" data-id=\"3672\" src=\"https:\/\/www.imt.fr\/wp-content\/uploads\/2024\/12\/visitececilealbi-768x1024.webp\" alt=\"\" class=\"wp-image-3672\" srcset=\"https:\/\/www.imt.fr\/wp-content\/uploads\/2024\/12\/visitececilealbi-768x1024.webp 768w, https:\/\/www.imt.fr\/wp-content\/uploads\/2024\/12\/visitececilealbi-225x300.webp 225w, https:\/\/www.imt.fr\/wp-content\/uploads\/2024\/12\/visitececilealbi-1152x1536.webp 1152w, https:\/\/www.imt.fr\/wp-content\/uploads\/2024\/12\/visitececilealbi.webp 1536w\" sizes=\"auto, (max-width: 768px) 100vw, 768px\" \/><\/figure>\n\n\n\n<figure class=\"wp-block-image size-large\"><img loading=\"lazy\" decoding=\"async\" width=\"768\" height=\"1024\" data-id=\"3673\" src=\"https:\/\/www.imt.fr\/wp-content\/uploads\/2024\/12\/visitececiledubarryalbi-768x1024.webp\" alt=\"\" class=\"wp-image-3673\" srcset=\"https:\/\/www.imt.fr\/wp-content\/uploads\/2024\/12\/visitececiledubarryalbi-768x1024.webp 768w, https:\/\/www.imt.fr\/wp-content\/uploads\/2024\/12\/visitececiledubarryalbi-225x300.webp 225w, https:\/\/www.imt.fr\/wp-content\/uploads\/2024\/12\/visitececiledubarryalbi-1152x1536.webp 1152w, https:\/\/www.imt.fr\/wp-content\/uploads\/2024\/12\/visitececiledubarryalbi.webp 1536w\" sizes=\"auto, (max-width: 768px) 100vw, 768px\" \/><\/figure>\n<\/figure>\n\n\n\n<h2 class=\"wp-block-heading\">Mines Saint-\u00c9tienne<\/h2>\n\n\n\n<p>On Tuesday, November 26, and Wednesday, November 27, C\u00e9cile Dubarry explored Mines Saint-\u00c9tienne! The program included two days full of meetings and discoveries, highlighted by presentations, discussions, visits, and ceremonies:<\/p>\n\n\n\n<ul class=\"wp-block-list\">\n<li>The presentation of the school, its programs, and its research<\/li>\n\n\n\n<li>A tour of the Materials and Structures Science Center led by its director, Christophe DESRAYAUD<\/li>\n\n\n\n<li>A tour of the Industrial and Natural Process Science Center led by its director, Ana CAMEIRAO<\/li>\n\n\n\n<li>A shared lunch with members of the executive committee<\/li>\n\n\n\n<li>A tour of the Health Engineering Center led by its director, Vincent AUGUSTO<\/li>\n\n\n\n<li>Meetings and discussions with many directors of centers and services<\/li>\n\n\n\n<li>A visit to the Science, Technology, and Industrial Culture Center &#8220;La Rotonde,&#8221; guided by its director, Guillaume DESBROSSE<\/li>\n\n\n\n<li>The ceremony for laying the first stone of the new TWIN building<\/li>\n\n\n\n<li>The school board meeting of Mines Saint-\u00c9tienne<\/li>\n<\/ul>\n\n\n\n<figure class=\"wp-block-gallery has-nested-images columns-default is-cropped wp-block-gallery-2 is-layout-flex wp-block-gallery-is-layout-flex\">\n<figure class=\"wp-block-image size-large\"><img loading=\"lazy\" decoding=\"async\" width=\"705\" height=\"470\" data-id=\"3254\" src=\"https:\/\/www.imt.fr\/wp-content\/uploads\/2024\/12\/Visite-DG-IMT-1-1-705x470-1.webp\" alt=\"\" class=\"wp-image-3254\" srcset=\"https:\/\/www.imt.fr\/wp-content\/uploads\/2024\/12\/Visite-DG-IMT-1-1-705x470-1.webp 705w, https:\/\/www.imt.fr\/wp-content\/uploads\/2024\/12\/Visite-DG-IMT-1-1-705x470-1-300x200.webp 300w\" sizes=\"auto, (max-width: 705px) 100vw, 705px\" \/><\/figure>\n\n\n\n<figure class=\"wp-block-image size-large\"><img decoding=\"async\" data-id=\"3257\" src=\"https:\/\/www.imt.fr\/wp-content\/uploads\/2024\/11\/Visite-DG-IMT-3-1.jpg\" alt=\"\" class=\"wp-image-3257\"\/><\/figure>\n\n\n\n<figure class=\"wp-block-image size-large\"><img decoding=\"async\" data-id=\"3260\" src=\"https:\/\/www.imt.fr\/wp-content\/uploads\/2024\/11\/Visite-DG-IMT-4-1.jpg\" alt=\"\" class=\"wp-image-3260\"\/><\/figure>\n\n\n\n<figure class=\"wp-block-image size-large\"><img decoding=\"async\" data-id=\"3263\" src=\"https:\/\/www.imt.fr\/wp-content\/uploads\/2024\/11\/Visite-DG-IMT-5-1.jpg\" alt=\"\" class=\"wp-image-3263\"\/><\/figure>\n\n\n\n<figure class=\"wp-block-image size-large\"><img loading=\"lazy\" decoding=\"async\" width=\"800\" height=\"533\" data-id=\"3266\" src=\"https:\/\/www.imt.fr\/wp-content\/uploads\/2024\/12\/Visite-DG-IMT-6-1.webp\" alt=\"\" class=\"wp-image-3266\" srcset=\"https:\/\/www.imt.fr\/wp-content\/uploads\/2024\/12\/Visite-DG-IMT-6-1.webp 800w, https:\/\/www.imt.fr\/wp-content\/uploads\/2024\/12\/Visite-DG-IMT-6-1-300x200.webp 300w, https:\/\/www.imt.fr\/wp-content\/uploads\/2024\/12\/Visite-DG-IMT-6-1-768x512.webp 768w\" sizes=\"auto, (max-width: 800px) 100vw, 800px\" \/><\/figure>\n\n\n\n<figure class=\"wp-block-image size-large\"><img loading=\"lazy\" decoding=\"async\" width=\"800\" height=\"533\" data-id=\"3269\" src=\"https:\/\/www.imt.fr\/wp-content\/uploads\/2024\/12\/Visite-DG-IMT-8-2.webp\" alt=\"Visite-DG-IMT\" class=\"wp-image-3269\" srcset=\"https:\/\/www.imt.fr\/wp-content\/uploads\/2024\/12\/Visite-DG-IMT-8-2.webp 800w, https:\/\/www.imt.fr\/wp-content\/uploads\/2024\/12\/Visite-DG-IMT-8-2-300x200.webp 300w, https:\/\/www.imt.fr\/wp-content\/uploads\/2024\/12\/Visite-DG-IMT-8-2-768x512.webp 768w\" sizes=\"auto, (max-width: 800px) 100vw, 800px\" \/><\/figure>\n<\/figure>\n\n\n\n<h2 class=\"wp-block-heading\">IMT Mines Al\u00e8s<\/h2>\n\n\n\n<p><a href=\"https:\/\/www.linkedin.com\/company\/3101036\/admin\/page-posts\/published\/\" target=\"_blank\" rel=\"noopener\">IMT Mines Al\u00e8s<\/a> welcomed C\u00e9cile Dubarry for a <a href=\"https:\/\/www.linkedin.com\/posts\/mines-ales_ce-vendredi-madame-c%C3%A9cile-dubarry-directrice-activity-7255599052623331328-_qrW?utm_source=share&amp;utm_medium=member_desktop\" target=\"_blank\" rel=\"noopener\">day of discussion and discovery<\/a> led by <a href=\"https:\/\/www.linkedin.com\/company\/3101036\/admin\/page-posts\/published\/\" target=\"_blank\" rel=\"noopener\">Assia Tria,<\/a> the school&#8217;s director. The visit served to once again strengthen the ties between Institut Mines-T\u00e9l\u00e9com&#8217;s general management and its schools, while <strong>highlighting the research, flagship projects and initiatives being carried out there, as part of a packed schedule<\/strong>:<\/p>\n\n\n\n<ul class=\"wp-block-list\">\n<li>Presentation of the Research, Doctoral Studies and Commercialization Department, with a focus on major scientific orientations and opportunities for students and researchers at IMT Mines Al\u00e8s.<\/li>\n\n\n\n<li>Presentation of the three research and teaching centers, demonstrating the diversity and excellence of the school&#8217;s expertise, with visits to C2MA, CREER and CERIS!<\/li>\n\n\n\n<li>Presentation of the campus and the ambitious eco-campus project, designed to make the institution an attractive campus and an example for sustainability and the ecological transition.<\/li>\n\n\n\n<li>Presentation of flagship projects embodying the teams\u2019 dynamism and creativity and determination to position the school as a major player in training and innovation.<\/li>\n\n\n\n<li>Economic development initiatives, illustrating IMT Mines Al\u00e8s&#8217; commitment to supporting the regional and national ecosystem, by strengthening synergies with companies and local authorities.<\/li>\n\n\n\n<li>The day closed out with a rich and constructive conclusion, in which IMT\u2019s Executive President praised the many initiatives underway, while stressing the importance of continuing efforts in mutualization and collaboration within Institut Mines-T\u00e9l\u00e9com.<\/li>\n<\/ul>\n\n\n\n<figure class=\"wp-block-gallery has-nested-images columns-default is-cropped wp-block-gallery-3 is-layout-flex wp-block-gallery-is-layout-flex\">\n<figure class=\"wp-block-image size-large\"><img loading=\"lazy\" decoding=\"async\" width=\"705\" height=\"529\" data-id=\"3281\" src=\"https:\/\/www.imt.fr\/wp-content\/uploads\/2024\/12\/visite_cdubarry_minesales_light-705x529-1.webp\" alt=\"\" class=\"wp-image-3281\" srcset=\"https:\/\/www.imt.fr\/wp-content\/uploads\/2024\/12\/visite_cdubarry_minesales_light-705x529-1.webp 705w, https:\/\/www.imt.fr\/wp-content\/uploads\/2024\/12\/visite_cdubarry_minesales_light-705x529-1-300x225.webp 300w\" sizes=\"auto, (max-width: 705px) 100vw, 705px\" \/><\/figure>\n\n\n\n<figure class=\"wp-block-image size-full\"><img loading=\"lazy\" decoding=\"async\" width=\"705\" height=\"529\" data-id=\"3274\" src=\"https:\/\/www.imt.fr\/wp-content\/uploads\/2024\/11\/Visite_CecileDubarry_IMTMinesAles2-705x529-1.jpg\" alt=\"\" class=\"wp-image-3274\" srcset=\"https:\/\/www.imt.fr\/wp-content\/uploads\/2024\/11\/Visite_CecileDubarry_IMTMinesAles2-705x529-1.jpg 705w, https:\/\/www.imt.fr\/wp-content\/uploads\/2024\/11\/Visite_CecileDubarry_IMTMinesAles2-705x529-1-300x225.jpg 300w\" sizes=\"auto, (max-width: 705px) 100vw, 705px\" \/><\/figure>\n\n\n\n<figure class=\"wp-block-image size-large\"><img loading=\"lazy\" decoding=\"async\" width=\"705\" height=\"529\" data-id=\"3275\" src=\"https:\/\/www.imt.fr\/wp-content\/uploads\/2024\/12\/Visite_CecileDubarry_IMTMinesAles3-705x529-1.webp\" alt=\"\" class=\"wp-image-3275\" srcset=\"https:\/\/www.imt.fr\/wp-content\/uploads\/2024\/12\/Visite_CecileDubarry_IMTMinesAles3-705x529-1.webp 705w, https:\/\/www.imt.fr\/wp-content\/uploads\/2024\/12\/Visite_CecileDubarry_IMTMinesAles3-705x529-1-300x225.webp 300w\" sizes=\"auto, (max-width: 705px) 100vw, 705px\" \/><\/figure>\n\n\n\n<figure class=\"wp-block-image size-large\"><img decoding=\"async\" data-id=\"3272\" src=\"https:\/\/www.imt.fr\/wp-content\/uploads\/2024\/11\/Visite_CecileDubarry_IMTMinesAles5-705x529-1.jpg\" alt=\"\" class=\"wp-image-3272\"\/><\/figure>\n\n\n\n<figure class=\"wp-block-image size-large\"><img decoding=\"async\" data-id=\"3276\" src=\"https:\/\/www.imt.fr\/wp-content\/uploads\/2024\/11\/Visite_CecileDubarry_IMTMinesAles7-705x705-1.jpg\" alt=\"\" class=\"wp-image-3276\"\/><\/figure>\n<\/figure>\n\n\n\n<h2 class=\"wp-block-heading\">T\u00e9l\u00e9com SudParis \u2013 site de Palaiseau<\/h2>\n\n\n\n<p>On Wednesday, October 23, C\u00e9cile Dubarry continued her visits to <a href=\"https:\/\/www.linkedin.com\/company\/t%C3%A9l%C3%A9com-sudparis\/\" target=\"_blank\" rel=\"noopener\">T\u00e9l\u00e9com SudParis<\/a> and met with the teams at the Palaiseau site. This was an opportunity to meet and talk with faculty members and staff, in the presence of the Director!<\/p>\n\n\n\n<figure class=\"wp-block-gallery has-nested-images columns-default is-cropped wp-block-gallery-4 is-layout-flex wp-block-gallery-is-layout-flex\">\n<figure class=\"wp-block-image size-full\"><img decoding=\"async\" data-id=\"3285\" src=\"https:\/\/www.imt.fr\/wp-content\/uploads\/2024\/11\/visite_ceciledubarry_TSP_light-705x529-1.jpg\" alt=\"\" class=\"wp-image-3285\"\/><\/figure>\n\n\n\n<figure class=\"wp-block-image size-large\"><img decoding=\"async\" data-id=\"3676\" src=\"https:\/\/www.imt.fr\/wp-content\/uploads\/2024\/10\/visite-cecile-dubarry-TSP-1-1024x768.jpg\" alt=\"\" class=\"wp-image-3676\"\/><\/figure>\n\n\n\n<figure class=\"wp-block-image size-large\"><img decoding=\"async\" data-id=\"3677\" src=\"https:\/\/www.imt.fr\/wp-content\/uploads\/2024\/12\/visite-cecile-dubarry-TSP-2-1-scaled-2-1024x768.webp\" alt=\"\" class=\"wp-image-3677\"\/><\/figure>\n<\/figure>\n\n\n\n<h2 class=\"wp-block-heading\">Institut Mines-T\u00e9l\u00e9com Business School and T\u00e9l\u00e9com SudParis &#8211; \u00c9vry-Courcouronnes campus<\/h2>\n\n\n\n<p>On Friday October 18, IMT&#8217;s Executive President visited the Evry-Courcouronnes campus.<\/p>\n\n\n\n<p>The day included an interview with <a href=\"https:\/\/www.linkedin.com\/in\/francoisdellacherie\/\" target=\"_blank\" rel=\"noopener\">Fran\u00e7ois Dellacherie<\/a>, Director of <strong>T\u00e9l\u00e9com SudParis<\/strong>, a tour of the campus, the EVIDENT Living Lab and the very high-speed (THD) research platform at T\u00e9l\u00e9com SudParis, and discussions with the Executive Committee of <strong>Institut Mines-T\u00e9l\u00e9com Business School<\/strong>.<\/p>\n\n\n\n<h2 class=\"wp-block-heading\">IMT Atlantique &#8211; Nantes and Rennes campuses<\/h2>\n\n\n\n<p>On October 3 and 4, C\u00e9cile Dubarry visited <strong>IMT Atlantique&#8217;s campuses in Nantes and Rennes<\/strong>.<\/p>\n\n\n\n<p>The schedule featured a tour of each campus and the IMT Atlantique Incubator, meetings and discussions with the management team, staff and students, and a friendly lunch!<\/p>\n\n\n\n<p><a href=\"https:\/\/www.linkedin.com\/posts\/imt-atlantique_visiteofficielle-enseignement-recherche-activity-7247627381996187648-kdZ1?utm_source=share&amp;utm_medium=member_desktop\" target=\"_blank\" rel=\"noopener\"><strong>Relive the two days with the video recap!<\/strong><\/a><\/p>\n\n\n\n<figure class=\"wp-block-gallery has-nested-images columns-default is-cropped wp-block-gallery-5 is-layout-flex wp-block-gallery-is-layout-flex\">\n<figure class=\"wp-block-image size-large\"><img loading=\"lazy\" decoding=\"async\" width=\"768\" height=\"1024\" data-id=\"3682\" src=\"https:\/\/www.imt.fr\/wp-content\/uploads\/2024\/12\/visiteCD_IMTatlantique_oct24_light-768x1024.webp\" alt=\"\" class=\"wp-image-3682\" srcset=\"https:\/\/www.imt.fr\/wp-content\/uploads\/2024\/12\/visiteCD_IMTatlantique_oct24_light-768x1024.webp 768w, https:\/\/www.imt.fr\/wp-content\/uploads\/2024\/12\/visiteCD_IMTatlantique_oct24_light-225x300.webp 225w, https:\/\/www.imt.fr\/wp-content\/uploads\/2024\/12\/visiteCD_IMTatlantique_oct24_light.webp 886w\" sizes=\"auto, (max-width: 768px) 100vw, 768px\" \/><\/figure>\n\n\n\n<figure class=\"wp-block-image size-large\"><img loading=\"lazy\" decoding=\"async\" width=\"800\" height=\"600\" data-id=\"3685\" src=\"https:\/\/www.imt.fr\/wp-content\/uploads\/2024\/12\/visiteCD_IMTatlantique_oct24-1.webp\" alt=\"\" class=\"wp-image-3685\" srcset=\"https:\/\/www.imt.fr\/wp-content\/uploads\/2024\/12\/visiteCD_IMTatlantique_oct24-1.webp 800w, https:\/\/www.imt.fr\/wp-content\/uploads\/2024\/12\/visiteCD_IMTatlantique_oct24-1-300x225.webp 300w, https:\/\/www.imt.fr\/wp-content\/uploads\/2024\/12\/visiteCD_IMTatlantique_oct24-1-768x576.webp 768w\" sizes=\"auto, (max-width: 800px) 100vw, 800px\" \/><\/figure>\n\n\n\n<figure class=\"wp-block-image size-large\"><img loading=\"lazy\" decoding=\"async\" width=\"800\" height=\"600\" data-id=\"3686\" src=\"https:\/\/www.imt.fr\/wp-content\/uploads\/2024\/12\/visiteCD_IMTatlantique_oct24-9.webp\" alt=\"\" class=\"wp-image-3686\" srcset=\"https:\/\/www.imt.fr\/wp-content\/uploads\/2024\/12\/visiteCD_IMTatlantique_oct24-9.webp 800w, https:\/\/www.imt.fr\/wp-content\/uploads\/2024\/12\/visiteCD_IMTatlantique_oct24-9-300x225.webp 300w, https:\/\/www.imt.fr\/wp-content\/uploads\/2024\/12\/visiteCD_IMTatlantique_oct24-9-768x576.webp 768w\" sizes=\"auto, (max-width: 800px) 100vw, 800px\" \/><\/figure>\n<\/figure>\n\n\n\n<h2 class=\"wp-block-heading\">IMT Nord Europe &#8211; Villeneuve d&#8217;Ascq and Douai campuses<\/h2>\n\n\n\n<p>On Wednesday September 4, 2024, C\u00e9cile Dubarry, the new Executive President of Institut Mines-T\u00e9l\u00e9com as of August 19, 2024, visited IMT Nord Europe, one of the group&#8217;s eight graduate schools.<\/p>\n\n\n\n<p>The program included:<\/p>\n\n\n\n<ul class=\"wp-block-list\">\n<li>meetings and discussions with the management team<\/li>\n\n\n\n<li>tours of the Villeneuve d&#8217;Ascq and Douai campuses<\/li>\n\n\n\n<li>lunch at the Maison des \u00c9l\u00e8ves<\/li>\n\n\n\n<li>a guided tour of IMT Nord Europe&#8217;s three teaching, research and innovation centers<\/li>\n<\/ul>\n\n\n\n<p><em>These visits are part of a series that the new Executive President is undertaking with all IMT schools, in order to meet with staff, discover the group\u2019s schools, and much more.<\/em><\/p>\n\n\n\n<h3 class=\"wp-block-heading\">Next stops:<\/h3>\n\n\n\n<ul class=\"wp-block-list\">\n<li>Mines Saint-Etienne: November 26<\/li>\n\n\n\n<li>IMT Mines Albi: December 4<\/li>\n<\/ul>\n\n\n\n<figure class=\"wp-block-gallery has-nested-images columns-default is-cropped wp-block-gallery-6 is-layout-flex wp-block-gallery-is-layout-flex\">\n<figure class=\"wp-block-image size-large\"><img loading=\"lazy\" decoding=\"async\" width=\"500\" height=\"666\" data-id=\"3688\" src=\"https:\/\/www.imt.fr\/wp-content\/uploads\/2024\/12\/Visite-Cecile-Dubarry-DG-IMT-Nord-Europe_directeurs.webp\" alt=\"\" class=\"wp-image-3688\" srcset=\"https:\/\/www.imt.fr\/wp-content\/uploads\/2024\/12\/Visite-Cecile-Dubarry-DG-IMT-Nord-Europe_directeurs.webp 500w, https:\/\/www.imt.fr\/wp-content\/uploads\/2024\/12\/Visite-Cecile-Dubarry-DG-IMT-Nord-Europe_directeurs-225x300.webp 225w\" sizes=\"auto, (max-width: 500px) 100vw, 500px\" \/><\/figure>\n\n\n\n<figure class=\"wp-block-image size-large\"><img loading=\"lazy\" decoding=\"async\" width=\"500\" height=\"375\" data-id=\"3689\" src=\"https:\/\/www.imt.fr\/wp-content\/uploads\/2024\/12\/Visite-Cecile-Dubarry-DG-IMT-Nord-Europe-1.webp\" alt=\"\" class=\"wp-image-3689\" srcset=\"https:\/\/www.imt.fr\/wp-content\/uploads\/2024\/12\/Visite-Cecile-Dubarry-DG-IMT-Nord-Europe-1.webp 500w, https:\/\/www.imt.fr\/wp-content\/uploads\/2024\/12\/Visite-Cecile-Dubarry-DG-IMT-Nord-Europe-1-300x225.webp 300w\" sizes=\"auto, (max-width: 500px) 100vw, 500px\" \/><\/figure>\n\n\n\n<figure class=\"wp-block-image size-large\"><img loading=\"lazy\" decoding=\"async\" width=\"500\" height=\"664\" data-id=\"3690\" src=\"https:\/\/www.imt.fr\/wp-content\/uploads\/2024\/12\/Visite-Cecile-Dubarry-DG-IMT-Nord-Europe-2.webp\" alt=\"\" class=\"wp-image-3690\" srcset=\"https:\/\/www.imt.fr\/wp-content\/uploads\/2024\/12\/Visite-Cecile-Dubarry-DG-IMT-Nord-Europe-2.webp 500w, https:\/\/www.imt.fr\/wp-content\/uploads\/2024\/12\/Visite-Cecile-Dubarry-DG-IMT-Nord-Europe-2-226x300.webp 226w\" sizes=\"auto, (max-width: 500px) 100vw, 500px\" \/><\/figure>\n<\/figure>\n","protected":false},"excerpt":{"rendered":"<p>Since September, C\u00e9cile Dubarry has been discovering, one by one, the eight graduate schools of Institut Mines-T\u00e9l\u00e9com, and the people who bring them to life. The latest was IMT Mines Al\u00e8s on Friday, October 25! IMT Mines Albi A true tour of France that came to an end this Wednesday, December 4th, with a day [&hellip;]<\/p>\n","protected":false},"author":5,"featured_media":4468,"comment_status":"closed","ping_status":"open","sticky":false,"template":"","format":"standard","meta":{"footnotes":""},"categories":[42],"tags":[],"class_list":["post-4464","post","type-post","status-publish","format-standard","has-post-thumbnail","hentry","category-news"],"_links":{"self":[{"href":"https:\/\/www.imt.fr\/en\/wp-json\/wp\/v2\/posts\/4464","targetHints":{"allow":["GET"]}}],"collection":[{"href":"https:\/\/www.imt.fr\/en\/wp-json\/wp\/v2\/posts"}],"about":[{"href":"https:\/\/www.imt.fr\/en\/wp-json\/wp\/v2\/types\/post"}],"author":[{"embeddable":true,"href":"https:\/\/www.imt.fr\/en\/wp-json\/wp\/v2\/users\/5"}],"replies":[{"embeddable":true,"href":"https:\/\/www.imt.fr\/en\/wp-json\/wp\/v2\/comments?post=4464"}],"version-history":[{"count":1,"href":"https:\/\/www.imt.fr\/en\/wp-json\/wp\/v2\/posts\/4464\/revisions"}],"predecessor-version":[{"id":4465,"href":"https:\/\/www.imt.fr\/en\/wp-json\/wp\/v2\/posts\/4464\/revisions\/4465"}],"wp:featuredmedia":[{"embeddable":true,"href":"https:\/\/www.imt.fr\/en\/wp-json\/wp\/v2\/media\/4468"}],"wp:attachment":[{"href":"https:\/\/www.imt.fr\/en\/wp-json\/wp\/v2\/media?parent=4464"}],"wp:term":[{"taxonomy":"category","embeddable":true,"href":"https:\/\/www.imt.fr\/en\/wp-json\/wp\/v2\/categories?post=4464"},{"taxonomy":"post_tag","embeddable":true,"href":"https:\/\/www.imt.fr\/en\/wp-json\/wp\/v2\/tags?post=4464"}],"curies":[{"name":"wp","href":"https:\/\/api.w.org\/{rel}","templated":true}]}}