{"id":11063,"date":"2026-03-12T15:24:14","date_gmt":"2026-03-12T14:24:14","guid":{"rendered":"https:\/\/www.imt.fr\/8e-session-pleniere-de-gaia-x-le-9-avril-2026\/"},"modified":"2026-03-12T15:24:14","modified_gmt":"2026-03-12T14:24:14","slug":"8e-session-pleniere-de-gaia-x-le-9-avril-2026","status":"publish","type":"post","link":"https:\/\/www.imt.fr\/en\/8e-session-pleniere-de-gaia-x-le-9-avril-2026\/","title":{"rendered":"Participez \u00e0 la 8\u1d49 session pl\u00e9ni\u00e8re du Hub France de Gaia-X le 9 avril 2026"},"content":{"rendered":"\n<p>L\u2019<a href=\"https:\/\/www.imt.fr\/en\/\"><strong>Institut Mines-T\u00e9l\u00e9com<\/strong><\/a> et le <a href=\"https:\/\/www.cigref.fr\/\" target=\"_blank\" rel=\"noopener\"><strong>Cigref<\/strong><\/a> ont le plaisir de vous inviter \u00e0 la <strong>huiti\u00e8me session pl\u00e9ni\u00e8re du <a href=\"https:\/\/www.gaia-x-hub.fr\/\" target=\"_blank\" rel=\"noopener\">Hub France de Gaia-X<\/a><\/strong>, qui se tiendra <strong>le jeudi 9 avril 2026, de 10h \u00e0 17h (accueil \u00e0 partir de 9h15)<\/strong>, au <strong>centre de conf\u00e9rences Pierre Mend\u00e8s-France du minist\u00e8re de l\u2019\u00c9conomie et des Finances<\/strong>.<\/p>\n\n\n\n<p>Cette session s\u2019inscrit dans la <strong>saison 2 des espaces de donn\u00e9es<\/strong>, dans un contexte marqu\u00e9 par l\u2019essor de l\u2019intelligence artificielle g\u00e9n\u00e9rative et agentique. \u00c0 l\u2019heure o\u00f9 les cha\u00eenes de valeur se red\u00e9finissent, la question centrale devient celle de la <strong>ma\u00eetrise strat\u00e9gique de l\u2019IA par les m\u00e9tiers<\/strong>. Les espaces de donn\u00e9es jouent \u00e0 cet \u00e9gard un r\u00f4le cl\u00e9 : ils constituent des <strong>\u00e9cosyst\u00e8mes de confiance<\/strong> permettant de structurer, gouverner et valoriser les donn\u00e9es au service des usages industriels et sectoriels.<\/p>\n\n\n\n<p>La pl\u00e9ni\u00e8re r\u00e9unira acteurs publics et priv\u00e9s afin de partager les avanc\u00e9es des travaux de <a href=\"https:\/\/www.gaia-x-hub.fr\/\" target=\"_blank\" rel=\"noopener\">Gaia-X<\/a> et d\u2019\u00e9changer sur les enjeux li\u00e9s au d\u00e9veloppement des espaces de donn\u00e9es en Europe, <strong>en pr\u00e9sence de Madame Anne Le H\u00e9nanff, ministre d\u00e9l\u00e9gu\u00e9e charg\u00e9e de l\u2019Intelligence artificielle et du Num\u00e9rique (sous r\u00e9serve).<\/strong><\/p>\n\n\n\n<p>Cet \u00e9v\u00e9nement permettra notamment :<\/p>\n\n\n\n<ul class=\"wp-block-list\">\n<li>de mettre en perspective <strong>la vision et la feuille de route de Gaia-X<\/strong>, et leur articulation avec la strat\u00e9gie europ\u00e9enne sur l\u2019IA ;<\/li>\n\n\n\n<li>d\u2019explorer <strong>les enjeux op\u00e9rationnels majeurs<\/strong> li\u00e9s aux nouvelles poches de valeur ouvertes par les IA g\u00e9n\u00e9ratives et agentiques ;<\/li>\n\n\n\n<li>d\u2019analyser <strong>le r\u00f4le structurant des espaces de donn\u00e9es<\/strong> dans leur d\u00e9veloppement ;<\/li>\n\n\n\n<li>d\u2019\u00e9clairer la <strong>position fran\u00e7aise dans la cha\u00eene de valeur de l\u2019IA<\/strong>, notamment au regard des projets pr\u00e9sent\u00e9s dans le cadre du <strong>PIIEC IA<\/strong>.<\/li>\n<\/ul>\n\n\n\n<div class=\"wp-block-buttons is-content-justification-center is-layout-flex wp-container-core-buttons-is-layout-16018d1d wp-block-buttons-is-layout-flex\">\n<div class=\"wp-block-button btn-primary\"><a class=\"wp-block-button__link wp-element-button\" href=\"https:\/\/evenium.events\/pleniere-du-hub-france-gaia-x-2026\/home?utm_source=brevo&amp;utm_campaign=Hub%20France%20Gaia-X%20-%20Invitation%208e%20Plnire%20du%209%20avril%202026&amp;utm_medium=email\" target=\"_blank\" rel=\"noopener\">Inscription <\/a><\/div>\n<\/div>\n","protected":false},"excerpt":{"rendered":"<p>L\u2019Institut Mines-T\u00e9l\u00e9com et le Cigref ont le plaisir de vous inviter \u00e0 la huiti\u00e8me session pl\u00e9ni\u00e8re du Hub France de Gaia-X, qui se tiendra le jeudi 9 avril 2026, de 10h \u00e0 17h (accueil \u00e0 partir de 9h15), au centre de conf\u00e9rences Pierre Mend\u00e8s-France du minist\u00e8re de l\u2019\u00c9conomie et des Finances.<\/p>\n","protected":false},"author":5,"featured_media":4279,"comment_status":"closed","ping_status":"open","sticky":false,"template":"","format":"standard","meta":{"footnotes":""},"categories":[42],"tags":[430],"class_list":["post-11063","post","type-post","status-publish","format-standard","has-post-thumbnail","hentry","category-news","tag-gaia-x"],"_links":{"self":[{"href":"https:\/\/www.imt.fr\/en\/wp-json\/wp\/v2\/posts\/11063","targetHints":{"allow":["GET"]}}],"collection":[{"href":"https:\/\/www.imt.fr\/en\/wp-json\/wp\/v2\/posts"}],"about":[{"href":"https:\/\/www.imt.fr\/en\/wp-json\/wp\/v2\/types\/post"}],"author":[{"embeddable":true,"href":"https:\/\/www.imt.fr\/en\/wp-json\/wp\/v2\/users\/5"}],"replies":[{"embeddable":true,"href":"https:\/\/www.imt.fr\/en\/wp-json\/wp\/v2\/comments?post=11063"}],"version-history":[{"count":0,"href":"https:\/\/www.imt.fr\/en\/wp-json\/wp\/v2\/posts\/11063\/revisions"}],"wp:featuredmedia":[{"embeddable":true,"href":"https:\/\/www.imt.fr\/en\/wp-json\/wp\/v2\/media\/4279"}],"wp:attachment":[{"href":"https:\/\/www.imt.fr\/en\/wp-json\/wp\/v2\/media?parent=11063"}],"wp:term":[{"taxonomy":"category","embeddable":true,"href":"https:\/\/www.imt.fr\/en\/wp-json\/wp\/v2\/categories?post=11063"},{"taxonomy":"post_tag","embeddable":true,"href":"https:\/\/www.imt.fr\/en\/wp-json\/wp\/v2\/tags?post=11063"}],"curies":[{"name":"wp","href":"https:\/\/api.w.org\/{rel}","templated":true}]}}