{"id":11058,"date":"2026-03-16T16:54:48","date_gmt":"2026-03-16T15:54:48","guid":{"rendered":"https:\/\/www.imt.fr\/appel-a-projets-vie-etudiante-financez-vos-initiatives-inter-ecoles-grace-a-la-cvec\/"},"modified":"2026-04-02T16:05:19","modified_gmt":"2026-04-02T14:05:19","slug":"call-for-projects-fund-your-inter-school-initiatives-through-the-cvec","status":"publish","type":"post","link":"https:\/\/www.imt.fr\/en\/call-for-projects-fund-your-inter-school-initiatives-through-the-cvec\/","title":{"rendered":"Call for projects \u2013 Student life 2026: fund your inter-school initiatives through the CVEC"},"content":{"rendered":"\n<p><a href=\"https:\/\/www.imt.fr\/en\/\">IMT<\/a> is launching its call for projects <strong>\u201cInter-school student and campus life\u201d<\/strong>, funded by the CVEC.<br><\/p>\n\n\n\n<p>This call supports initiatives led by students that contribute <strong>to enriching student life across IMT<\/strong> and strengthening collaboration between several IMT\u2019s Technological Universities.<br><\/p>\n\n\n\n<p>Les projets peuvent \u00eatre <strong>culturels, sportifs, sociaux, scientifiques, entrepreneuriaux ou \u00e9v\u00e9nementiels<\/strong>, d\u00e8s lors qu\u2019ils profitent \u00e0 la communaut\u00e9 \u00e9tudiante et participent \u00e0 d\u00e9velopper <strong>le sentiment d\u2019appartenance \u00e0 l\u2019Institut Mines-T\u00e9l\u00e9com<\/strong>.<\/p>\n\n\n\n<p>Projects may be <strong>cultural, sporting, social, scientific, entrepreneurial or event-based<\/strong>, as long as they benefit the student community and help foster <strong>a shared sense of belonging to IMT<\/strong>.<br><\/p>\n\n\n\n<div class=\"wp-block-buttons is-content-justification-center is-layout-flex wp-container-core-buttons-is-layout-16018d1d wp-block-buttons-is-layout-flex\">\n<div class=\"wp-block-button btn-primary\"><a class=\"wp-block-button__link wp-element-button\"><strong>Guidelines<\/strong><\/a><\/div>\n\n\n\n<div class=\"wp-block-button btn-primary\"><a class=\"wp-block-button__link wp-element-button\" href=\"https:\/\/www.imt.fr\/wp-content\/uploads\/2026\/03\/Dossier-de-demande-de-candidature-fr-1.pdf\"><strong><strong>Application form<\/strong><\/strong><\/a><\/div>\n<\/div>\n\n\n\n<div style=\"height:37px\" aria-hidden=\"true\" class=\"wp-block-spacer\"><\/div>\n\n\n\n<p><strong>Submit your application to: <a>delphine.duprat@imt.fr<\/a><\/strong><\/p>\n\n\n\n<h2 class=\"wp-block-heading\">Project criteria<\/h2>\n\n\n\n<p>Proposed initiatives must :<\/p>\n\n\n\n<ul class=\"wp-block-list\">\n<li>impliquer <strong><a href=\"https:\/\/www.imt.fr\/en\/imt\/our-technological-universities\/\">au moins deux \u00e9coles de l\u2019Institut Mines-T\u00e9l\u00e9com<\/a><\/strong> ;<\/li>\n\n\n\n<li>avoir un <strong>impact positif sur la vie \u00e9tudiante et la vie de campus<\/strong> ;<\/li>\n\n\n\n<li>int\u00e9grer des dimensions d\u2019<strong>inclusion<\/strong>, de <strong>responsabilit\u00e9 soci\u00e9tale et environnementale<\/strong> ;<\/li>\n\n\n\n<li>porter une attention particuli\u00e8re \u00e0 la <strong>pr\u00e9vention des violences<\/strong> et de <strong>l\u2019alcoolisation excessive<\/strong>.<\/li>\n\n\n\n<li>involve <a href=\"https:\/\/www.imt.fr\/en\/imt\/our-technological-universities\/\">at least two IMT\u2019s Technological Universities<\/a>; <\/li>\n\n\n\n<li>have <strong>a positive impact on student and campus life<\/strong>; <\/li>\n\n\n\n<li>integrate <strong>inclusion <\/strong>and <strong>social and environmental responsibility<\/strong>; <\/li>\n\n\n\n<li>include a strong focus on <strong>preventing violence<\/strong> and <strong>excessive alcohol consumption<\/strong>.<\/li>\n<\/ul>\n\n\n\n<h2 class=\"wp-block-heading\">Funding<\/h2>\n\n\n\n<p>A dedicated budget has been allocated for this 2026 call for projects, funded by the CVEC.<\/p>\n\n\n\n<p>The grant may cover up to <strong>50% of the total project cost, with a maximum of \u20ac8,000 per project.<\/strong><\/p>\n\n\n\n<h2 class=\"wp-block-heading\">Timeline<\/h2>\n\n\n\n<ul class=\"wp-block-list\">\n<li><strong>Call opens: <\/strong>March 19, <\/li>\n\n\n\n<li><strong>2026 Application deadline:<\/strong> May 7, <\/li>\n\n\n\n<li>2026 Selection committee: May 21, 2026<\/li>\n<\/ul>\n\n\n\n<h2 class=\"wp-block-heading\">How to apply ?<\/h2>\n\n\n\n<p>To submit your project, you must provide:<\/p>\n\n\n\n<ul class=\"wp-block-list\">\n<li><strong>the grant application form;<\/strong><\/li>\n\n\n\n<li><strong>a one-page visual summary of the project;<\/strong><\/li>\n\n\n\n<li>a <strong>detailed budget<\/strong>, including quotes or invoices.<\/li>\n<\/ul>\n\n\n\n<p>Download <strong>the guidelines and application documents:<\/strong><\/p>\n\n\n\n<div class=\"wp-block-buttons is-content-justification-center is-layout-flex wp-container-core-buttons-is-layout-16018d1d wp-block-buttons-is-layout-flex\">\n<div class=\"wp-block-button btn-primary\"><a class=\"wp-block-button__link wp-element-button\">Guidelines<\/a><\/div>\n\n\n\n<div class=\"wp-block-button btn-primary\"><a class=\"wp-block-button__link wp-element-button\" href=\"https:\/\/www.imt.fr\/wp-content\/uploads\/2026\/03\/Dossier-de-demande-de-candidature-fr-1.pdf\"><strong><strong>Application form<\/strong><\/strong><\/a><\/div>\n<\/div>\n\n\n\n<div style=\"height:42px\" aria-hidden=\"true\" class=\"wp-block-spacer\"><\/div>\n\n\n\n<p><strong>Contact :<\/strong> <a href=\"mailto:delphine.duprat@imt.fr\">delphine.duprat@imt.fr<\/a><\/p>\n\n\n\n<p><\/p>\n","protected":false},"excerpt":{"rendered":"<p>IMT is launching its call for projects \u201cInter-school student and campus life\u201d, funded by the CVEC. This call supports student-led initiatives that help energize student life across IMT and strengthen collaboration between several IMT\u2019s Technological Universities.<\/p>\n","protected":false},"author":5,"featured_media":10768,"comment_status":"closed","ping_status":"open","sticky":false,"template":"","format":"standard","meta":{"footnotes":""},"categories":[42],"tags":[299],"class_list":["post-11058","post","type-post","status-publish","format-standard","has-post-thumbnail","hentry","category-news","tag-student-life"],"_links":{"self":[{"href":"https:\/\/www.imt.fr\/en\/wp-json\/wp\/v2\/posts\/11058","targetHints":{"allow":["GET"]}}],"collection":[{"href":"https:\/\/www.imt.fr\/en\/wp-json\/wp\/v2\/posts"}],"about":[{"href":"https:\/\/www.imt.fr\/en\/wp-json\/wp\/v2\/types\/post"}],"author":[{"embeddable":true,"href":"https:\/\/www.imt.fr\/en\/wp-json\/wp\/v2\/users\/5"}],"replies":[{"embeddable":true,"href":"https:\/\/www.imt.fr\/en\/wp-json\/wp\/v2\/comments?post=11058"}],"version-history":[{"count":2,"href":"https:\/\/www.imt.fr\/en\/wp-json\/wp\/v2\/posts\/11058\/revisions"}],"predecessor-version":[{"id":11062,"href":"https:\/\/www.imt.fr\/en\/wp-json\/wp\/v2\/posts\/11058\/revisions\/11062"}],"wp:featuredmedia":[{"embeddable":true,"href":"https:\/\/www.imt.fr\/en\/wp-json\/wp\/v2\/media\/10768"}],"wp:attachment":[{"href":"https:\/\/www.imt.fr\/en\/wp-json\/wp\/v2\/media?parent=11058"}],"wp:term":[{"taxonomy":"category","embeddable":true,"href":"https:\/\/www.imt.fr\/en\/wp-json\/wp\/v2\/categories?post=11058"},{"taxonomy":"post_tag","embeddable":true,"href":"https:\/\/www.imt.fr\/en\/wp-json\/wp\/v2\/tags?post=11058"}],"curies":[{"name":"wp","href":"https:\/\/api.w.org\/{rel}","templated":true}]}}