{"id":10916,"date":"2026-03-25T10:17:48","date_gmt":"2026-03-25T09:17:48","guid":{"rendered":"https:\/\/www.imt.fr\/programme-ambassadrices-2eme-week-end\/"},"modified":"2026-03-31T16:19:01","modified_gmt":"2026-03-31T14:19:01","slug":"ambassadors-program-2th-weekend","status":"publish","type":"post","link":"https:\/\/www.imt.fr\/en\/ambassadors-program-2th-weekend\/","title":{"rendered":"Ambassadors Program: an immersive weekend to inspire the next generation of women engineers march 2026"},"content":{"rendered":"\n<p><strong>On 13 and 14 March 2026, students in the <a href=\"https:\/\/www.imt.fr\/deviens-ingenieure\/\">Ambassadors Program<\/a> run by <a href=\"https:\/\/www.linkedin.com\/company\/imt-france\/\" target=\"_blank\" rel=\"noopener\">IMT<\/a> and the <a href=\"https:\/\/www.linkedin.com\/company\/fondation-mines-telecom\/\" target=\"_blank\" rel=\"noopener\">Mines-T\u00e9l\u00e9com Foundation<\/a> came together at the Maison de la RATP and then on the <a href=\"https:\/\/www.telecom-paris.fr\/\" target=\"_blank\" rel=\"noopener\">T\u00e9l\u00e9com Paris<\/a> campus for their second training weekend.<\/strong><br><\/p>\n\n\n\n<p>This key milestone gave them an opportunity to continue their preparation, share their first experiences speaking in middle and high schools, and strengthen their commitment to increasing the number of women in engineering careers.<\/p>\n\n\n\n<h2 class=\"wp-block-heading\">A weekend shaped by discussion and feedback<br><\/h2>\n\n\n\n<p><a href=\"https:\/\/www.imt.fr\/en\/stephane-heitz-director-mines-telecom-foundation\/\">St\u00e9phane Heitz, Director of the Mines-T\u00e9l\u00e9com Foundation<\/a>, opened the weekend with a welcome address.<br><\/p>\n\n\n\n<p>Over the two days, the Ambassadors <strong>took part in several workshops designed to help them identify their strengths, refine their approach and build their confidence<\/strong> in school settings.<\/p>\n\n\n\n<p><strong>Feedback sessions<\/strong> played a central role, giving everyone the opportunity <strong>to share their first field experiences and improve their practices <\/strong>through collective learning.<br><br><strong>A workshop built around the game &#8220;<em>Engineer: Why not me?<\/em>&#8220;<\/strong> completed the program, offering a playful way to challenge perceptions about scientific studies and careers.<br><\/p>\n\n\n\n<figure class=\"wp-block-gallery has-nested-images columns-default is-cropped wp-block-gallery-1 is-layout-flex wp-block-gallery-is-layout-flex\">\n<figure class=\"wp-block-image size-large\"><img loading=\"lazy\" decoding=\"async\" width=\"1024\" height=\"768\" data-id=\"10816\" src=\"https:\/\/www.imt.fr\/wp-content\/uploads\/2026\/03\/Atelier-1-1024x768.webp\" alt=\"Groupe d'\u00e9tudiante autour d'un atelier lors du week-end Ambassadrices de l'IMT.\" class=\"wp-image-10816\" srcset=\"https:\/\/www.imt.fr\/wp-content\/uploads\/2026\/03\/Atelier-1-1024x768.webp 1024w, https:\/\/www.imt.fr\/wp-content\/uploads\/2026\/03\/Atelier-1-300x225.webp 300w, https:\/\/www.imt.fr\/wp-content\/uploads\/2026\/03\/Atelier-1-768x576.webp 768w, https:\/\/www.imt.fr\/wp-content\/uploads\/2026\/03\/Atelier-1-1536x1152.webp 1536w, https:\/\/www.imt.fr\/wp-content\/uploads\/2026\/03\/Atelier-1.webp 1600w\" sizes=\"auto, (max-width: 1024px) 100vw, 1024px\" \/><\/figure>\n\n\n\n<figure class=\"wp-block-image size-large\"><img loading=\"lazy\" decoding=\"async\" width=\"1024\" height=\"578\" data-id=\"10819\" src=\"https:\/\/www.imt.fr\/wp-content\/uploads\/2026\/03\/Atelier-2-1024x578.webp\" alt=\"Groupe d'\u00e9tudiantes autour d'un atelier lors du week-end Ambassadrices de l'IMT.\" class=\"wp-image-10819\" srcset=\"https:\/\/www.imt.fr\/wp-content\/uploads\/2026\/03\/Atelier-2-1024x578.webp 1024w, https:\/\/www.imt.fr\/wp-content\/uploads\/2026\/03\/Atelier-2-300x169.webp 300w, https:\/\/www.imt.fr\/wp-content\/uploads\/2026\/03\/Atelier-2-768x433.webp 768w, https:\/\/www.imt.fr\/wp-content\/uploads\/2026\/03\/Atelier-2-1536x866.webp 1536w, https:\/\/www.imt.fr\/wp-content\/uploads\/2026\/03\/Atelier-2.webp 2000w\" sizes=\"auto, (max-width: 1024px) 100vw, 1024px\" \/><\/figure>\n\n\n\n<figure class=\"wp-block-image size-large\"><img loading=\"lazy\" decoding=\"async\" width=\"1024\" height=\"768\" data-id=\"10822\" src=\"https:\/\/www.imt.fr\/wp-content\/uploads\/2026\/03\/Atelier-3-1024x768.webp\" alt=\"Groupe d'\u00e9tudiants autour d'un atelier lors du week-end Ambassadrices de l'IMT.\" class=\"wp-image-10822\" srcset=\"https:\/\/www.imt.fr\/wp-content\/uploads\/2026\/03\/Atelier-3-1024x768.webp 1024w, https:\/\/www.imt.fr\/wp-content\/uploads\/2026\/03\/Atelier-3-300x225.webp 300w, https:\/\/www.imt.fr\/wp-content\/uploads\/2026\/03\/Atelier-3-768x576.webp 768w, https:\/\/www.imt.fr\/wp-content\/uploads\/2026\/03\/Atelier-3-1536x1152.webp 1536w, https:\/\/www.imt.fr\/wp-content\/uploads\/2026\/03\/Atelier-3-2048x1536.webp 2048w\" sizes=\"auto, (max-width: 1024px) 100vw, 1024px\" \/><\/figure>\n<\/figure>\n\n\n\n<h2 class=\"wp-block-heading\">A program built on mentoring and sharing<\/h2>\n\n\n\n<p>The weekend also featured discussion sessions with women engineer sponsors from the program\u2019s partner companies, who came to share their career paths and answer the Ambassadors\u2019 questions.<\/p>\n\n\n\n<p>These exchanges fully reflect the mentoring dynamic at the heart of the program and highlight the importance of role models in encouraging future vocations in engineering.<br><\/p>\n\n\n\n<p>Many thanks to the program\u2019s sponsors for their presence, support and commitment.<\/p>\n\n\n\n<figure class=\"wp-block-gallery has-nested-images columns-default is-cropped wp-block-gallery-2 is-layout-flex wp-block-gallery-is-layout-flex\">\n<figure class=\"wp-block-image size-large\"><img loading=\"lazy\" decoding=\"async\" width=\"1024\" height=\"768\" data-id=\"10828\" src=\"https:\/\/www.imt.fr\/wp-content\/uploads\/2026\/03\/Marraine-1-1024x768.webp\" alt=\"Etudiantes marraines du programmes Ambassadrices de l'IMT.\" class=\"wp-image-10828\" srcset=\"https:\/\/www.imt.fr\/wp-content\/uploads\/2026\/03\/Marraine-1-1024x768.webp 1024w, https:\/\/www.imt.fr\/wp-content\/uploads\/2026\/03\/Marraine-1-300x225.webp 300w, https:\/\/www.imt.fr\/wp-content\/uploads\/2026\/03\/Marraine-1-768x576.webp 768w, https:\/\/www.imt.fr\/wp-content\/uploads\/2026\/03\/Marraine-1-1536x1152.webp 1536w, https:\/\/www.imt.fr\/wp-content\/uploads\/2026\/03\/Marraine-1-2048x1536.webp 2048w\" sizes=\"auto, (max-width: 1024px) 100vw, 1024px\" \/><\/figure>\n\n\n\n<figure class=\"wp-block-image size-large\"><img loading=\"lazy\" decoding=\"async\" width=\"1024\" height=\"768\" data-id=\"10831\" src=\"https:\/\/www.imt.fr\/wp-content\/uploads\/2026\/03\/Marraine-2-1024x768.webp\" alt=\"Etudiantes et marraine du programmes Ambassadrices de l'IMT.\" class=\"wp-image-10831\" srcset=\"https:\/\/www.imt.fr\/wp-content\/uploads\/2026\/03\/Marraine-2-1024x768.webp 1024w, https:\/\/www.imt.fr\/wp-content\/uploads\/2026\/03\/Marraine-2-300x225.webp 300w, https:\/\/www.imt.fr\/wp-content\/uploads\/2026\/03\/Marraine-2-768x576.webp 768w, https:\/\/www.imt.fr\/wp-content\/uploads\/2026\/03\/Marraine-2-1536x1152.webp 1536w, https:\/\/www.imt.fr\/wp-content\/uploads\/2026\/03\/Marraine-2.webp 1600w\" sizes=\"auto, (max-width: 1024px) 100vw, 1024px\" \/><\/figure>\n<\/figure>\n\n\n\n<h2 class=\"wp-block-heading\">A collective commitment to increasing the number of women in science and engineering<\/h2>\n\n\n\n<p>Led by <a href=\"https:\/\/www.linkedin.com\/company\/imt-france\/\" target=\"_blank\" rel=\"noopener\">IMT<\/a> and the <a href=\"https:\/\/www.linkedin.com\/company\/fondation-mines-telecom\/\" target=\"_blank\" rel=\"noopener\">Mines-T\u00e9l\u00e9com Foundation<\/a>, the Ambassadors Program is part of a broader commitment to equal opportunity and diversity in scientific careers.<\/p>\n\n\n\n<p>Through their work in schools, the Ambassadors actively help break down stereotypes and inspire young girls to consider careers in science and engineering.<\/p>\n\n\n\n<p>Congratulations to all the Ambassadors from the 2025\u20132026 cohort for their commitment, energy and dedication.<\/p>\n\n\n\n<div class=\"wp-block-buttons is-content-justification-center is-layout-flex wp-container-core-buttons-is-layout-16018d1d wp-block-buttons-is-layout-flex\">\n<div class=\"wp-block-button btn-primary\"><a class=\"wp-block-button__link wp-element-button\">Discover the Ambassadors Program.<\/a><\/div>\n<\/div>\n\n\n\n<p><a href=\"https:\/\/www.imt.fr\/deviens-ingenieure\/\"><\/a><\/p>\n","protected":false},"excerpt":{"rendered":"<p>On 13 and 14 March 2026, students in the Ambassadors Program run by IMT and the Mines-T\u00e9l\u00e9com Foundation came together at the Maison de la RATP and then on the T\u00e9l\u00e9com Paris campus for their second training weekend.<\/p>\n","protected":false},"author":5,"featured_media":10826,"comment_status":"closed","ping_status":"open","sticky":false,"template":"","format":"standard","meta":{"footnotes":""},"categories":[42],"tags":[429],"class_list":["post-10916","post","type-post","status-publish","format-standard","has-post-thumbnail","hentry","category-news","tag-ambassadors-program"],"_links":{"self":[{"href":"https:\/\/www.imt.fr\/en\/wp-json\/wp\/v2\/posts\/10916","targetHints":{"allow":["GET"]}}],"collection":[{"href":"https:\/\/www.imt.fr\/en\/wp-json\/wp\/v2\/posts"}],"about":[{"href":"https:\/\/www.imt.fr\/en\/wp-json\/wp\/v2\/types\/post"}],"author":[{"embeddable":true,"href":"https:\/\/www.imt.fr\/en\/wp-json\/wp\/v2\/users\/5"}],"replies":[{"embeddable":true,"href":"https:\/\/www.imt.fr\/en\/wp-json\/wp\/v2\/comments?post=10916"}],"version-history":[{"count":2,"href":"https:\/\/www.imt.fr\/en\/wp-json\/wp\/v2\/posts\/10916\/revisions"}],"predecessor-version":[{"id":10920,"href":"https:\/\/www.imt.fr\/en\/wp-json\/wp\/v2\/posts\/10916\/revisions\/10920"}],"wp:featuredmedia":[{"embeddable":true,"href":"https:\/\/www.imt.fr\/en\/wp-json\/wp\/v2\/media\/10826"}],"wp:attachment":[{"href":"https:\/\/www.imt.fr\/en\/wp-json\/wp\/v2\/media?parent=10916"}],"wp:term":[{"taxonomy":"category","embeddable":true,"href":"https:\/\/www.imt.fr\/en\/wp-json\/wp\/v2\/categories?post=10916"},{"taxonomy":"post_tag","embeddable":true,"href":"https:\/\/www.imt.fr\/en\/wp-json\/wp\/v2\/tags?post=10916"}],"curies":[{"name":"wp","href":"https:\/\/api.w.org\/{rel}","templated":true}]}}